{"id":2927,"date":"2018-05-18T12:58:34","date_gmt":"2018-05-18T10:58:34","guid":{"rendered":"http:\/\/www.weikertstoana.de\/?p=2927"},"modified":"2018-05-18T13:00:03","modified_gmt":"2018-05-18T11:00:03","slug":"anna-gschwendner-feiert-95ten-geburtstag","status":"publish","type":"post","link":"http:\/\/www.weikertstoana.de\/?p=2927","title":{"rendered":"Anna Gschwendner feiert 95ten Geburtstag"},"content":{"rendered":"<p>Am 10 Mai feierte unser Langj\u00e4hriges Mitglied Anna Gschwendner ihren 95ten Geburtstag. Nat\u00fcrlich geh\u00f6rte auch der Trachtenverein zu den Gratulanten. Es gratulierten ihr der 3. Vorstand Simon Obertanner und die Jugendleiterin Christine Hager.<\/p>\n\n\t\t<style type=\"text\/css\">\n\t\t\t#gallery-1 {\n\t\t\t\tmargin: auto;\n\t\t\t}\n\t\t\t#gallery-1 .gallery-item {\n\t\t\t\tfloat: left;\n\t\t\t\tmargin-top: 10px;\n\t\t\t\ttext-align: center;\n\t\t\t\twidth: 33%;\n\t\t\t}\n\t\t\t#gallery-1 img {\n\t\t\t\tborder: 2px solid #cfcfcf;\n\t\t\t}\n\t\t\t#gallery-1 .gallery-caption {\n\t\t\t\tmargin-left: 0;\n\t\t\t}\n\t\t\t\/* see gallery_shortcode() in wp-includes\/media.php *\/\n\t\t<\/style>\n\t\t<div data-carousel-extra='{\"blog_id\":1,\"permalink\":\"http:\\\/\\\/www.weikertstoana.de\\\/?p=2927\",\"likes_blog_id\":false}' id='gallery-1' class='gallery galleryid-2927 gallery-columns-3 gallery-size-thumbnail'><dl class='gallery-item'>\n\t\t\t<dt class='gallery-icon portrait'>\n\t\t\t\t<a href='http:\/\/www.weikertstoana.de\/?attachment_id=2930'><img loading=\"lazy\" decoding=\"async\" width=\"150\" height=\"150\" src=\"http:\/\/www.weikertstoana.de\/wp-content\/uploads\/2018\/05\/P1100013-e1526640969140-150x150.jpg\" class=\"attachment-thumbnail size-thumbnail\" alt=\"\" aria-describedby=\"gallery-1-2930\" srcset=\"http:\/\/www.weikertstoana.de\/wp-content\/uploads\/2018\/05\/P1100013-e1526640969140-150x150.jpg 150w, http:\/\/www.weikertstoana.de\/wp-content\/uploads\/2018\/05\/P1100013-e1526640969140-230x230.jpg 230w\" sizes=\"auto, (max-width: 150px) 100vw, 150px\" data-attachment-id=\"2930\" data-orig-file=\"http:\/\/www.weikertstoana.de\/wp-content\/uploads\/2018\/05\/P1100013-e1526640969140.jpg\" data-orig-size=\"2736,3648\" data-comments-opened=\"0\" data-image-meta=\"{&quot;aperture&quot;:&quot;2.8&quot;,&quot;credit&quot;:&quot;&quot;,&quot;camera&quot;:&quot;DMC-FZ50&quot;,&quot;caption&quot;:&quot;&quot;,&quot;created_timestamp&quot;:&quot;1525965905&quot;,&quot;copyright&quot;:&quot;&quot;,&quot;focal_length&quot;:&quot;7.4&quot;,&quot;iso&quot;:&quot;100&quot;,&quot;shutter_speed&quot;:&quot;0.033333333333333&quot;,&quot;title&quot;:&quot;&quot;,&quot;orientation&quot;:&quot;6&quot;,&quot;keywords&quot;:&quot;Array&quot;}\" data-image-title=\"Simon Obertanner, Anna Gschwendner, Christine Hager\" data-image-description=\"\" data-medium-file=\"http:\/\/www.weikertstoana.de\/wp-content\/uploads\/2018\/05\/P1100013-e1526640969140-225x300.jpg\" data-large-file=\"http:\/\/www.weikertstoana.de\/wp-content\/uploads\/2018\/05\/P1100013-e1526640969140-768x1024.jpg\" \/><\/a>\n\t\t\t<\/dt>\n\t\t\t\t<dd class='wp-caption-text gallery-caption' id='gallery-1-2930'>\n\t\t\t\tSimon Obertanner, Anna Gschwendner, Christine Hager\n\t\t\t\t<\/dd><\/dl>\n\t\t\t<br style='clear: both' \/>\n\t\t<\/div>\n\n<p>&nbsp;<\/p>\n","protected":false},"excerpt":{"rendered":"<p>Am 10 Mai feierte unser Langj\u00e4hriges Mitglied Anna Gschwendner ihren 95ten Geburtstag. Nat\u00fcrlich geh\u00f6rte auch der Trachtenverein zu den Gratulanten. Es gratulierten ihr der 3. Vorstand Simon Obertanner und die Jugendleiterin Christine Hager. &nbsp;<\/p>\n","protected":false},"author":3,"featured_media":0,"comment_status":"closed","ping_status":"closed","sticky":false,"template":"","format":"standard","meta":{"footnotes":""},"categories":[22],"tags":[],"class_list":["post-2927","post","type-post","status-publish","format-standard","hentry","category-wir-gratulieren"],"_links":{"self":[{"href":"http:\/\/www.weikertstoana.de\/index.php?rest_route=\/wp\/v2\/posts\/2927","targetHints":{"allow":["GET"]}}],"collection":[{"href":"http:\/\/www.weikertstoana.de\/index.php?rest_route=\/wp\/v2\/posts"}],"about":[{"href":"http:\/\/www.weikertstoana.de\/index.php?rest_route=\/wp\/v2\/types\/post"}],"author":[{"embeddable":true,"href":"http:\/\/www.weikertstoana.de\/index.php?rest_route=\/wp\/v2\/users\/3"}],"replies":[{"embeddable":true,"href":"http:\/\/www.weikertstoana.de\/index.php?rest_route=%2Fwp%2Fv2%2Fcomments&post=2927"}],"version-history":[{"count":0,"href":"http:\/\/www.weikertstoana.de\/index.php?rest_route=\/wp\/v2\/posts\/2927\/revisions"}],"wp:attachment":[{"href":"http:\/\/www.weikertstoana.de\/index.php?rest_route=%2Fwp%2Fv2%2Fmedia&parent=2927"}],"wp:term":[{"taxonomy":"category","embeddable":true,"href":"http:\/\/www.weikertstoana.de\/index.php?rest_route=%2Fwp%2Fv2%2Fcategories&post=2927"},{"taxonomy":"post_tag","embeddable":true,"href":"http:\/\/www.weikertstoana.de\/index.php?rest_route=%2Fwp%2Fv2%2Ftags&post=2927"}],"curies":[{"name":"wp","href":"https:\/\/api.w.org\/{rel}","templated":true}]}}