{"id":4005,"date":"2021-12-22T22:14:13","date_gmt":"2021-12-22T20:14:13","guid":{"rendered":"http:\/\/www.weikertstoana.de\/?p=4005"},"modified":"2021-12-22T22:14:13","modified_gmt":"2021-12-22T20:14:13","slug":"ehrungen-im-rahmen-des-vereinshoagaschts","status":"publish","type":"post","link":"https:\/\/www.weikertstoana.de\/?p=4005","title":{"rendered":"Ehrungen im Rahmen des Vereinshoagascht\u00b4s"},"content":{"rendered":"<p>Mit gemischtem Programm aus Trachtent\u00e4nzen und Plattlern der Kinder-, Jugend und Aktivengruppe sowie musikalischer Unterhaltung von der Wei\u00dfbacher Musikkapelle und den Wei\u00dfbacher S\u00e4ngerinnen luden die Trachtler am 22. Oktober 2021 ab 20 Uhr in den Saal des Hotel Alpengl\u00fccks ein. Ansager Lenz Berger aus Anger f\u00fchrte mit Witzen und ,,boarischen Gschicht\u00b4n\u201c\u00a0durch den Abend. Vor allem die \u201eKleinen\u201c freuten sich, wieder auf der B\u00fchne vor Publikum plattl\u00b4n und drah\u00b4n zu d\u00fcrfen.<\/p>\n<p>Im Vordergrund stand an diesem Abend die Ehren\u00fcbergabe an langj\u00e4hrige Mitglieder der Weikertstoana. Da es im Vorjahr leider nicht m\u00f6glich war, einen Heimatabend in diesem Rahmen durchzuf\u00fchren, wurden auch die Ehrungen von 2020 nachgeholt. Leider konnten nicht alle Jubilare zum Hoagascht kommen.<\/p>\n<p>F\u00fcr 35, 50 und 60 Jahre Mitgliedschaft ehrte Vorstand Anderl Holzner verdiente Trachtler.<\/p>\n<p><u>Ehrung f\u00fcr 35 Jahre<br \/>\n<\/u><strong>Eintritt 1985<br \/>\n<\/strong>Anna Bauregger und ihr Mann Klaus Bauregger traten 1985 dem Verein bei und wurden f\u00fcr ihre 35-j\u00e4hrige Mitgliedschaft geehrt. Christian Holzner war von 1981-1994 in der Kinder-, Jugend- und Aktivengruppe und ist Gr\u00fcndungsmitglied der Wei\u00dfbacher B\u00f6llergruppe, welche er von 1993-1996 als zweiten Schussmeister vertrat. Karl Leitner (jun.) plattelte ebenfalls in der Kinder-, Jugend- und Aktivengruppe mit (1976-1994) und ist aktives Mitglied sowie Gr\u00fcndungsmitglied der B\u00f6llersch\u00fctzen.<br \/>\n<strong>Eintritt 1986<br \/>\n<\/strong>Christine Hager war von 1976-1992 in der Kinder-, Jugend- und Aktivengruppe, ist aktive R\u00f6ckifrau und seit 2007 mit ihrem Amt als Jugendleiterin eine sehr gro\u00dfe Unterst\u00fctzung im Vereinsausschuss. Manuela Kloft, ebenfalls aktive R\u00f6ckifrau, war von 1981-1991 in der Kinder-, Jugend- und Aktivengruppe und sa\u00df von 1990 bis 1994 als Schriftf\u00fchrerin im Ausschuss.<\/p>\n<p><u>Ehrung f\u00fcr 50 Jahre<br \/>\n<\/u><strong>Eintritt 1970<\/strong><br \/>\nJosef Holzner <em>sen.<\/em> erhielt dieses Jahr die Ehrung f\u00fcr 50 Jahre Mitgliedschaft der Weikertstoana sowie Anneliese Kecht, welche von 1970-1974 als aktives Trachtendirndl im Verein war.<br \/>\n<strong>Eintritt 1971<br \/>\n<\/strong>Ebenfalls f\u00fcr die 50-j\u00e4hrige Mitgliedschaft wurden Karin Holzner sowie Hildegard Holzner geehrt. Hildegard Holzner war von 1963-1974 in der Kinder-, Jugend- und Aktivengruppe und \u00fcbernahm von 1972-1978 das Amt als Schriftf\u00fchrerin.<\/p>\n<p><u>Ehrung f\u00fcr 60 Jahre<br \/>\n<\/u><strong>Eintritt 1960<br \/>\n<\/strong>Christl Bauregger und Gottfried Zach erhielten beide die Ehrung zur 60-j\u00e4hrigen Mitgliedschaft. Christl \u2013 aktive R\u00f6ckifrau im Verein &#8211; war von 1969 f\u00fcr f\u00fcnf Jahre in der Aktivengruppe. Gottfried unterst\u00fctzt den Verein seit ca. 30 Jahren mit der Herstellung verschiedener Ehrengaben f\u00fcr den Verein und hat u.a. 1994 alle Tafeln f\u00fcr das 70-j\u00e4hrige Gr\u00fcndungsfest der Trachtler hergestellt. 2004 wurde Gottfried vom Verein zum Ehrenmitglied ernannt.<\/p>\n<p>Traditionell w\u00fcrdigte anschlie\u00dfend die Musikkapelle die Geehrten mit dem Marsch \u201eAlte Kameraden\u201c und die Wei\u00dfbacher S\u00e4ngerinnen sangen das \u201eWei\u00dfbachlied\u201c.<\/p>\n<p>Die Vorstandschaft gratuliert hiermit nochmal allen Geehrten Mitgliedern und sagt a herzlich\u00b4s \u201eVergelts Gott\u201c f\u00fcr ihre Unterst\u00fctzung und Treue zum Verein.<\/p>\n<p>Ein besonderer Dank geht auch an alle Mitwirkenden, die zum Programm des Vereinshoagaschts beigetragen haben. Es war wieder mal a scheena Aufnocht!<\/p>\n\n\t\t<style type=\"text\/css\">\n\t\t\t#gallery-1 {\n\t\t\t\tmargin: auto;\n\t\t\t}\n\t\t\t#gallery-1 .gallery-item {\n\t\t\t\tfloat: left;\n\t\t\t\tmargin-top: 10px;\n\t\t\t\ttext-align: center;\n\t\t\t\twidth: 33%;\n\t\t\t}\n\t\t\t#gallery-1 img {\n\t\t\t\tborder: 2px solid #cfcfcf;\n\t\t\t}\n\t\t\t#gallery-1 .gallery-caption {\n\t\t\t\tmargin-left: 0;\n\t\t\t}\n\t\t\t\/* see gallery_shortcode() in wp-includes\/media.php *\/\n\t\t<\/style>\n\t\t<div data-carousel-extra='{\"blog_id\":1,\"permalink\":\"https:\\\/\\\/www.weikertstoana.de\\\/?p=4005\",\"likes_blog_id\":false}' id='gallery-1' class='gallery galleryid-4005 gallery-columns-3 gallery-size-thumbnail'><dl class='gallery-item'>\n\t\t\t<dt class='gallery-icon landscape'>\n\t\t\t\t<a href='https:\/\/www.weikertstoana.de\/?attachment_id=4006'><img loading=\"lazy\" decoding=\"async\" width=\"150\" height=\"150\" src=\"https:\/\/www.weikertstoana.de\/wp-content\/uploads\/2021\/12\/DSC_0336-scaled-e1640203891674-150x150.jpg\" class=\"attachment-thumbnail size-thumbnail\" alt=\"\" aria-describedby=\"gallery-1-4006\" srcset=\"https:\/\/www.weikertstoana.de\/wp-content\/uploads\/2021\/12\/DSC_0336-scaled-e1640203891674-150x150.jpg 150w, https:\/\/www.weikertstoana.de\/wp-content\/uploads\/2021\/12\/DSC_0336-scaled-e1640203891674-230x230.jpg 230w\" sizes=\"auto, (max-width: 150px) 100vw, 150px\" data-attachment-id=\"4006\" data-orig-file=\"https:\/\/www.weikertstoana.de\/wp-content\/uploads\/2021\/12\/DSC_0336-scaled-e1640203891674.jpg\" data-orig-size=\"2457,1331\" data-comments-opened=\"0\" data-image-meta=\"{&quot;aperture&quot;:&quot;3.8&quot;,&quot;credit&quot;:&quot;&quot;,&quot;camera&quot;:&quot;NIKON D3100&quot;,&quot;caption&quot;:&quot;&quot;,&quot;created_timestamp&quot;:&quot;1634883996&quot;,&quot;copyright&quot;:&quot;&quot;,&quot;focal_length&quot;:&quot;22&quot;,&quot;iso&quot;:&quot;1000&quot;,&quot;shutter_speed&quot;:&quot;0.016666666666667&quot;,&quot;title&quot;:&quot;&quot;,&quot;orientation&quot;:&quot;1&quot;,&quot;keywords&quot;:&quot;Array&quot;}\" data-image-title=\"Geehrte Mitglieder 2021\" data-image-description=\"\" data-medium-file=\"https:\/\/www.weikertstoana.de\/wp-content\/uploads\/2021\/12\/DSC_0336-scaled-e1640203891674-300x163.jpg\" data-large-file=\"https:\/\/www.weikertstoana.de\/wp-content\/uploads\/2021\/12\/DSC_0336-scaled-e1640203891674-1024x555.jpg\" \/><\/a>\n\t\t\t<\/dt>\n\t\t\t\t<dd class='wp-caption-text gallery-caption' id='gallery-1-4006'>\n\t\t\t\tv.l.n.r.: Anneliese Kecht, 1. Vorstand Anderl Holzner, Christl Bauregger, Josef Holzner, Anna Bauregger, Klaus Bauregger, Hildegard Holzner, Karin Holzner, Christian Holzner, Gottfried Zach, Karl Leitner, Christine Hager, Manuela Kloft\n\t\t\t\t<\/dd><\/dl>\n\t\t\t<br style='clear: both' \/>\n\t\t<\/div>\n\n","protected":false},"excerpt":{"rendered":"<p>Mit gemischtem Programm aus Trachtent\u00e4nzen und Plattlern der Kinder-, Jugend und Aktivengruppe sowie musikalischer Unterhaltung von der Wei\u00dfbacher Musikkapelle und den Wei\u00dfbacher S\u00e4ngerinnen luden die Trachtler am 22. Oktober 2021 ab 20 Uhr in den Saal des Hotel Alpengl\u00fccks ein.&hellip; <\/p>\n","protected":false},"author":5,"featured_media":0,"comment_status":"closed","ping_status":"closed","sticky":false,"template":"","format":"standard","meta":{"footnotes":""},"categories":[1],"tags":[],"class_list":["post-4005","post","type-post","status-publish","format-standard","hentry","category-allgemein"],"_links":{"self":[{"href":"https:\/\/www.weikertstoana.de\/index.php?rest_route=\/wp\/v2\/posts\/4005","targetHints":{"allow":["GET"]}}],"collection":[{"href":"https:\/\/www.weikertstoana.de\/index.php?rest_route=\/wp\/v2\/posts"}],"about":[{"href":"https:\/\/www.weikertstoana.de\/index.php?rest_route=\/wp\/v2\/types\/post"}],"author":[{"embeddable":true,"href":"https:\/\/www.weikertstoana.de\/index.php?rest_route=\/wp\/v2\/users\/5"}],"replies":[{"embeddable":true,"href":"https:\/\/www.weikertstoana.de\/index.php?rest_route=%2Fwp%2Fv2%2Fcomments&post=4005"}],"version-history":[{"count":3,"href":"https:\/\/www.weikertstoana.de\/index.php?rest_route=\/wp\/v2\/posts\/4005\/revisions"}],"predecessor-version":[{"id":4009,"href":"https:\/\/www.weikertstoana.de\/index.php?rest_route=\/wp\/v2\/posts\/4005\/revisions\/4009"}],"wp:attachment":[{"href":"https:\/\/www.weikertstoana.de\/index.php?rest_route=%2Fwp%2Fv2%2Fmedia&parent=4005"}],"wp:term":[{"taxonomy":"category","embeddable":true,"href":"https:\/\/www.weikertstoana.de\/index.php?rest_route=%2Fwp%2Fv2%2Fcategories&post=4005"},{"taxonomy":"post_tag","embeddable":true,"href":"https:\/\/www.weikertstoana.de\/index.php?rest_route=%2Fwp%2Fv2%2Ftags&post=4005"}],"curies":[{"name":"wp","href":"https:\/\/api.w.org\/{rel}","templated":true}]}}