{"id":4013,"date":"2022-01-13T20:28:30","date_gmt":"2022-01-13T18:28:30","guid":{"rendered":"http:\/\/www.weikertstoana.de\/?p=4013"},"modified":"2022-01-13T20:35:14","modified_gmt":"2022-01-13T18:35:14","slug":"80-geburtstag-von-maria-hopf","status":"publish","type":"post","link":"https:\/\/www.weikertstoana.de\/?p=4013","title":{"rendered":"80. Geburtstag von Maria Hopf"},"content":{"rendered":"<p>Im neuen Jahr 2022 feierte unser Mitglied Maria Hopf ihren 80. Geburtstag.<\/p>\n<p>Die beiden Ausschussmitglieder Christine Freiwang und Sabine Bauregger gratulierten der Jubilarin im Namen der Weikertstoana Trachtler pers\u00f6nlich.<\/p>\n<p>Maria ist 1959 dem Verein beigetreten und war bis 1964 aktives Trachtendirndl im Verein.<br \/>\nIn den Jahren 1994, 2009 sowie 2019 wurden ihr Ehrungen f\u00fcr ihre 35-, 50- und 60-j\u00e4hrige Mitgliedschaft \u00fcberreicht.<\/p>\n<p>Liabe Maria, wir w\u00fcnschen dir ois Guade, weiterhin vui Gsundheit und Danken dir f\u00fcr die Treue zum Verein.<\/p>\n<div>\n\n\t\t<style type=\"text\/css\">\n\t\t\t#gallery-1 {\n\t\t\t\tmargin: auto;\n\t\t\t}\n\t\t\t#gallery-1 .gallery-item {\n\t\t\t\tfloat: left;\n\t\t\t\tmargin-top: 10px;\n\t\t\t\ttext-align: center;\n\t\t\t\twidth: 33%;\n\t\t\t}\n\t\t\t#gallery-1 img {\n\t\t\t\tborder: 2px solid #cfcfcf;\n\t\t\t}\n\t\t\t#gallery-1 .gallery-caption {\n\t\t\t\tmargin-left: 0;\n\t\t\t}\n\t\t\t\/* see gallery_shortcode() in wp-includes\/media.php *\/\n\t\t<\/style>\n\t\t<div data-carousel-extra='{\"blog_id\":1,\"permalink\":\"https:\\\/\\\/www.weikertstoana.de\\\/?p=4013\",\"likes_blog_id\":false}' id='gallery-1' class='gallery galleryid-4013 gallery-columns-3 gallery-size-thumbnail'><dl class='gallery-item'>\n\t\t\t<dt class='gallery-icon portrait'>\n\t\t\t\t<a href='https:\/\/www.weikertstoana.de\/?attachment_id=4014'><img loading=\"lazy\" decoding=\"async\" width=\"150\" height=\"150\" src=\"https:\/\/www.weikertstoana.de\/wp-content\/uploads\/2022\/01\/2022_Geburtstag-80_Reiter-Maria-150x150.jpg\" class=\"attachment-thumbnail size-thumbnail\" alt=\"\" aria-describedby=\"gallery-1-4014\" srcset=\"https:\/\/www.weikertstoana.de\/wp-content\/uploads\/2022\/01\/2022_Geburtstag-80_Reiter-Maria-150x150.jpg 150w, https:\/\/www.weikertstoana.de\/wp-content\/uploads\/2022\/01\/2022_Geburtstag-80_Reiter-Maria-230x230.jpg 230w\" sizes=\"auto, (max-width: 150px) 100vw, 150px\" data-attachment-id=\"4014\" data-orig-file=\"https:\/\/www.weikertstoana.de\/wp-content\/uploads\/2022\/01\/2022_Geburtstag-80_Reiter-Maria.jpg\" data-orig-size=\"1153,1386\" data-comments-opened=\"0\" data-image-meta=\"{&quot;aperture&quot;:&quot;0&quot;,&quot;credit&quot;:&quot;&quot;,&quot;camera&quot;:&quot;&quot;,&quot;caption&quot;:&quot;&quot;,&quot;created_timestamp&quot;:&quot;1641897525&quot;,&quot;copyright&quot;:&quot;&quot;,&quot;focal_length&quot;:&quot;0&quot;,&quot;iso&quot;:&quot;0&quot;,&quot;shutter_speed&quot;:&quot;0&quot;,&quot;title&quot;:&quot;&quot;,&quot;orientation&quot;:&quot;0&quot;,&quot;keywords&quot;:&quot;Array&quot;}\" data-image-title=\"80. Geburtstag Maria Hopf\" data-image-description=\"\" data-medium-file=\"https:\/\/www.weikertstoana.de\/wp-content\/uploads\/2022\/01\/2022_Geburtstag-80_Reiter-Maria-250x300.jpg\" data-large-file=\"https:\/\/www.weikertstoana.de\/wp-content\/uploads\/2022\/01\/2022_Geburtstag-80_Reiter-Maria-852x1024.jpg\" \/><\/a>\n\t\t\t<\/dt>\n\t\t\t\t<dd class='wp-caption-text gallery-caption' id='gallery-1-4014'>\n\t\t\t\tv.l.n.r.: Christine Freiwang, Jubilarin Maria Hopf, Sabine Bauregger\n\t\t\t\t<\/dd><\/dl>\n\t\t\t<br style='clear: both' \/>\n\t\t<\/div>\n\n<\/div>\n","protected":false},"excerpt":{"rendered":"<p>Im neuen Jahr 2022 feierte unser Mitglied Maria Hopf ihren 80. Geburtstag. Die beiden Ausschussmitglieder Christine Freiwang und Sabine Bauregger gratulierten der Jubilarin im Namen der Weikertstoana Trachtler pers\u00f6nlich. Maria ist 1959 dem Verein beigetreten und war bis 1964 aktives&hellip; <\/p>\n","protected":false},"author":5,"featured_media":0,"comment_status":"closed","ping_status":"closed","sticky":false,"template":"","format":"standard","meta":{"footnotes":""},"categories":[1,22],"tags":[],"class_list":["post-4013","post","type-post","status-publish","format-standard","hentry","category-allgemein","category-wir-gratulieren"],"_links":{"self":[{"href":"https:\/\/www.weikertstoana.de\/index.php?rest_route=\/wp\/v2\/posts\/4013","targetHints":{"allow":["GET"]}}],"collection":[{"href":"https:\/\/www.weikertstoana.de\/index.php?rest_route=\/wp\/v2\/posts"}],"about":[{"href":"https:\/\/www.weikertstoana.de\/index.php?rest_route=\/wp\/v2\/types\/post"}],"author":[{"embeddable":true,"href":"https:\/\/www.weikertstoana.de\/index.php?rest_route=\/wp\/v2\/users\/5"}],"replies":[{"embeddable":true,"href":"https:\/\/www.weikertstoana.de\/index.php?rest_route=%2Fwp%2Fv2%2Fcomments&post=4013"}],"version-history":[{"count":4,"href":"https:\/\/www.weikertstoana.de\/index.php?rest_route=\/wp\/v2\/posts\/4013\/revisions"}],"predecessor-version":[{"id":4018,"href":"https:\/\/www.weikertstoana.de\/index.php?rest_route=\/wp\/v2\/posts\/4013\/revisions\/4018"}],"wp:attachment":[{"href":"https:\/\/www.weikertstoana.de\/index.php?rest_route=%2Fwp%2Fv2%2Fmedia&parent=4013"}],"wp:term":[{"taxonomy":"category","embeddable":true,"href":"https:\/\/www.weikertstoana.de\/index.php?rest_route=%2Fwp%2Fv2%2Fcategories&post=4013"},{"taxonomy":"post_tag","embeddable":true,"href":"https:\/\/www.weikertstoana.de\/index.php?rest_route=%2Fwp%2Fv2%2Ftags&post=4013"}],"curies":[{"name":"wp","href":"https:\/\/api.w.org\/{rel}","templated":true}]}}