{"id":4033,"date":"2022-03-12T11:58:05","date_gmt":"2022-03-12T09:58:05","guid":{"rendered":"http:\/\/www.weikertstoana.de\/?p=4033"},"modified":"2022-03-12T12:01:32","modified_gmt":"2022-03-12T10:01:32","slug":"josef-maier-feiert-90-geburtstag","status":"publish","type":"post","link":"https:\/\/www.weikertstoana.de\/?p=4033","title":{"rendered":"Josef Maier feiert 90. Geburtstag"},"content":{"rendered":"<p>Vor kurzem feierte Josef Maier seinen 90. Geburtstag.<\/p>\n<p>Da er Mitglied im Wei\u00dfbacher Trachtenverein, im Altenbund sowie der Krieger- und Soldatenkameradschaft ist, lie\u00dfen es sich Vertreter der Vereine nicht nehmen, um dem Jubilar pers\u00f6nlich zu gratulieren.<\/p>\n<p>Durch seinen jahrzehntelangen Mesnerdienst in der Filialkirche St. Vinzenz in Wei\u00dfbach a.d.A. ist Sepp bei allen Wei\u00dfbachern bekannt. 2016 trat er mit seiner Frau Marianne in den wohlverdienten &#8222;Mesnerruhestand&#8220;.<\/p>\n<p>Liaber Sepp, mia olle w\u00fcnschen dir weiterhin ois Guade und vui Gsundheit!<\/p>\n<div><\/div>\n<div>\n\n\t\t<style type=\"text\/css\">\n\t\t\t#gallery-1 {\n\t\t\t\tmargin: auto;\n\t\t\t}\n\t\t\t#gallery-1 .gallery-item {\n\t\t\t\tfloat: left;\n\t\t\t\tmargin-top: 10px;\n\t\t\t\ttext-align: center;\n\t\t\t\twidth: 33%;\n\t\t\t}\n\t\t\t#gallery-1 img {\n\t\t\t\tborder: 2px solid #cfcfcf;\n\t\t\t}\n\t\t\t#gallery-1 .gallery-caption {\n\t\t\t\tmargin-left: 0;\n\t\t\t}\n\t\t\t\/* see gallery_shortcode() in wp-includes\/media.php *\/\n\t\t<\/style>\n\t\t<div data-carousel-extra='{\"blog_id\":1,\"permalink\":\"https:\\\/\\\/www.weikertstoana.de\\\/?p=4033\",\"likes_blog_id\":false}' id='gallery-1' class='gallery galleryid-4033 gallery-columns-3 gallery-size-thumbnail'><dl class='gallery-item'>\n\t\t\t<dt class='gallery-icon landscape'>\n\t\t\t\t<a href='https:\/\/www.weikertstoana.de\/?attachment_id=4034'><img loading=\"lazy\" decoding=\"async\" width=\"150\" height=\"150\" src=\"https:\/\/www.weikertstoana.de\/wp-content\/uploads\/2022\/03\/2022_Geburtstag-90_Josef-Maier-2-150x150.jpg\" class=\"attachment-thumbnail size-thumbnail\" alt=\"\" aria-describedby=\"gallery-1-4034\" srcset=\"https:\/\/www.weikertstoana.de\/wp-content\/uploads\/2022\/03\/2022_Geburtstag-90_Josef-Maier-2-150x150.jpg 150w, https:\/\/www.weikertstoana.de\/wp-content\/uploads\/2022\/03\/2022_Geburtstag-90_Josef-Maier-2-230x230.jpg 230w\" sizes=\"auto, (max-width: 150px) 100vw, 150px\" data-attachment-id=\"4034\" data-orig-file=\"https:\/\/www.weikertstoana.de\/wp-content\/uploads\/2022\/03\/2022_Geburtstag-90_Josef-Maier-2-scaled.jpg\" data-orig-size=\"2560,1707\" data-comments-opened=\"0\" data-image-meta=\"{&quot;aperture&quot;:&quot;5&quot;,&quot;credit&quot;:&quot;&quot;,&quot;camera&quot;:&quot;Canon EOS 1100D&quot;,&quot;caption&quot;:&quot;&quot;,&quot;created_timestamp&quot;:&quot;1646757760&quot;,&quot;copyright&quot;:&quot;&quot;,&quot;focal_length&quot;:&quot;39&quot;,&quot;iso&quot;:&quot;800&quot;,&quot;shutter_speed&quot;:&quot;0.016666666666667&quot;,&quot;title&quot;:&quot;&quot;,&quot;orientation&quot;:&quot;1&quot;,&quot;keywords&quot;:&quot;Array&quot;}\" data-image-title=\"90. Geburtstag Sepp Maier\" data-image-description=\"\" data-medium-file=\"https:\/\/www.weikertstoana.de\/wp-content\/uploads\/2022\/03\/2022_Geburtstag-90_Josef-Maier-2-300x200.jpg\" data-large-file=\"https:\/\/www.weikertstoana.de\/wp-content\/uploads\/2022\/03\/2022_Geburtstag-90_Josef-Maier-2-1024x683.jpg\" \/><\/a>\n\t\t\t<\/dt>\n\t\t\t\t<dd class='wp-caption-text gallery-caption' id='gallery-1-4034'>\n\t\t\t\tv.l.n.r.: Peter Steinbacher (Krieger- &#038; Soldatenkameradschaft), Waltraud Zach (Altenbund), Jubilar Sepp Maier, Fritz Lunghammer (D\u00b4Weikertstoana Wei\u00dfbach)\n\t\t\t\t<\/dd><\/dl><dl class='gallery-item'>\n\t\t\t<dt class='gallery-icon landscape'>\n\t\t\t\t<a href='https:\/\/www.weikertstoana.de\/?attachment_id=4035'><img loading=\"lazy\" decoding=\"async\" width=\"150\" height=\"150\" src=\"https:\/\/www.weikertstoana.de\/wp-content\/uploads\/2022\/03\/2022_Geburtstag-90_Josef-Maier-1-scaled-e1647079175872-150x150.jpg\" class=\"attachment-thumbnail size-thumbnail\" alt=\"\" aria-describedby=\"gallery-1-4035\" srcset=\"https:\/\/www.weikertstoana.de\/wp-content\/uploads\/2022\/03\/2022_Geburtstag-90_Josef-Maier-1-scaled-e1647079175872-150x150.jpg 150w, https:\/\/www.weikertstoana.de\/wp-content\/uploads\/2022\/03\/2022_Geburtstag-90_Josef-Maier-1-scaled-e1647079175872-230x230.jpg 230w\" sizes=\"auto, (max-width: 150px) 100vw, 150px\" data-attachment-id=\"4035\" data-orig-file=\"https:\/\/www.weikertstoana.de\/wp-content\/uploads\/2022\/03\/2022_Geburtstag-90_Josef-Maier-1-scaled-e1647079175872.jpg\" data-orig-size=\"1766,1708\" data-comments-opened=\"0\" data-image-meta=\"{&quot;aperture&quot;:&quot;4&quot;,&quot;credit&quot;:&quot;&quot;,&quot;camera&quot;:&quot;Canon EOS 1100D&quot;,&quot;caption&quot;:&quot;&quot;,&quot;created_timestamp&quot;:&quot;1646757581&quot;,&quot;copyright&quot;:&quot;&quot;,&quot;focal_length&quot;:&quot;18&quot;,&quot;iso&quot;:&quot;800&quot;,&quot;shutter_speed&quot;:&quot;0.016666666666667&quot;,&quot;title&quot;:&quot;&quot;,&quot;orientation&quot;:&quot;1&quot;,&quot;keywords&quot;:&quot;Array&quot;}\" data-image-title=\"90. Geburtstag Sepp Maier\" data-image-description=\"\" data-medium-file=\"https:\/\/www.weikertstoana.de\/wp-content\/uploads\/2022\/03\/2022_Geburtstag-90_Josef-Maier-1-scaled-e1647079175872-300x290.jpg\" data-large-file=\"https:\/\/www.weikertstoana.de\/wp-content\/uploads\/2022\/03\/2022_Geburtstag-90_Josef-Maier-1-scaled-e1647079175872-1024x990.jpg\" \/><\/a>\n\t\t\t<\/dt>\n\t\t\t\t<dd class='wp-caption-text gallery-caption' id='gallery-1-4035'>\n\t\t\t\tJubilar Sepp Maier mit seiner Frau Marianne\n\t\t\t\t<\/dd><\/dl>\n\t\t\t<br style='clear: both' \/>\n\t\t<\/div>\n\n<\/div>\n","protected":false},"excerpt":{"rendered":"<p>Vor kurzem feierte Josef Maier seinen 90. Geburtstag. Da er Mitglied im Wei\u00dfbacher Trachtenverein, im Altenbund sowie der Krieger- und Soldatenkameradschaft ist, lie\u00dfen es sich Vertreter der Vereine nicht nehmen, um dem Jubilar pers\u00f6nlich zu gratulieren. Durch seinen jahrzehntelangen Mesnerdienst&hellip; <\/p>\n","protected":false},"author":5,"featured_media":0,"comment_status":"closed","ping_status":"closed","sticky":false,"template":"","format":"standard","meta":{"footnotes":""},"categories":[1,22],"tags":[],"class_list":["post-4033","post","type-post","status-publish","format-standard","hentry","category-allgemein","category-wir-gratulieren"],"_links":{"self":[{"href":"https:\/\/www.weikertstoana.de\/index.php?rest_route=\/wp\/v2\/posts\/4033","targetHints":{"allow":["GET"]}}],"collection":[{"href":"https:\/\/www.weikertstoana.de\/index.php?rest_route=\/wp\/v2\/posts"}],"about":[{"href":"https:\/\/www.weikertstoana.de\/index.php?rest_route=\/wp\/v2\/types\/post"}],"author":[{"embeddable":true,"href":"https:\/\/www.weikertstoana.de\/index.php?rest_route=\/wp\/v2\/users\/5"}],"replies":[{"embeddable":true,"href":"https:\/\/www.weikertstoana.de\/index.php?rest_route=%2Fwp%2Fv2%2Fcomments&post=4033"}],"version-history":[{"count":4,"href":"https:\/\/www.weikertstoana.de\/index.php?rest_route=\/wp\/v2\/posts\/4033\/revisions"}],"predecessor-version":[{"id":4039,"href":"https:\/\/www.weikertstoana.de\/index.php?rest_route=\/wp\/v2\/posts\/4033\/revisions\/4039"}],"wp:attachment":[{"href":"https:\/\/www.weikertstoana.de\/index.php?rest_route=%2Fwp%2Fv2%2Fmedia&parent=4033"}],"wp:term":[{"taxonomy":"category","embeddable":true,"href":"https:\/\/www.weikertstoana.de\/index.php?rest_route=%2Fwp%2Fv2%2Fcategories&post=4033"},{"taxonomy":"post_tag","embeddable":true,"href":"https:\/\/www.weikertstoana.de\/index.php?rest_route=%2Fwp%2Fv2%2Ftags&post=4033"}],"curies":[{"name":"wp","href":"https:\/\/api.w.org\/{rel}","templated":true}]}}